{"id":14524,"date":"2024-11-21T10:48:42","date_gmt":"2024-11-21T09:48:42","guid":{"rendered":"https:\/\/www.amigoscaffe.com\/?p=14524"},"modified":"2024-11-21T11:04:01","modified_gmt":"2024-11-21T10:04:01","slug":"unser-sinn-fuer-kaffee-die-neue-brand-identity-von-amigos-caffe","status":"publish","type":"post","link":"https:\/\/www.amigoscaffe.com\/de\/news\/unser-sinn-fuer-kaffee-die-neue-brand-identity-von-amigos-caffe\/","title":{"rendered":"Unser Sinn f\u00fcr Kaffee: die neue Brand Identity von Amigos Caff\u00e8"},"content":{"rendered":"[vc_row type=&#8220;in_container&#8220; full_screen_row_position=&#8220;middle&#8220; column_margin=&#8220;default&#8220; column_direction=&#8220;default&#8220; column_direction_tablet=&#8220;default&#8220; column_direction_phone=&#8220;default&#8220; scene_position=&#8220;center&#8220; text_color=&#8220;dark&#8220; text_align=&#8220;left&#8220; row_border_radius=&#8220;none&#8220; row_border_radius_applies=&#8220;bg&#8220; overlay_strength=&#8220;0.3&#8243; gradient_direction=&#8220;left_to_right&#8220; shape_divider_position=&#8220;bottom&#8220; bg_image_animation=&#8220;none&#8220;][vc_column column_padding=&#8220;no-extra-padding&#8220; column_padding_tablet=&#8220;inherit&#8220; column_padding_phone=&#8220;inherit&#8220; column_padding_position=&#8220;all&#8220; column_element_spacing=&#8220;default&#8220; background_color_opacity=&#8220;1&#8243; background_hover_color_opacity=&#8220;1&#8243; column_shadow=&#8220;none&#8220; column_border_radius=&#8220;none&#8220; column_link_target=&#8220;_self&#8220; gradient_direction=&#8220;left_to_right&#8220; overlay_strength=&#8220;0.3&#8243; width=&#8220;1\/1&#8243; tablet_width_inherit=&#8220;default&#8220; tablet_text_alignment=&#8220;default&#8220; phone_text_alignment=&#8220;default&#8220; bg_image_animation=&#8220;none&#8220; border_type=&#8220;simple&#8220; column_border_width=&#8220;none&#8220; column_border_style=&#8220;solid&#8220;][vc_column_text]\n<div style=\"width: 1080px;\" class=\"wp-video\"><!--[if lt IE 9]><script>document.createElement('video');<\/script><![endif]-->\n<video class=\"wp-video-shortcode\" id=\"video-14524-1\" width=\"1080\" height=\"763\" preload=\"metadata\" controls=\"controls\"><source type=\"video\/mp4\" src=\"https:\/\/www.amigoscaffe.com\/wp-content\/uploads\/2024\/11\/AMIGOS_Slideshow-News-2.mp4?_=1\" \/><a href=\"https:\/\/www.amigoscaffe.com\/wp-content\/uploads\/2024\/11\/AMIGOS_Slideshow-News-2.mp4\">https:\/\/www.amigoscaffe.com\/wp-content\/uploads\/2024\/11\/AMIGOS_Slideshow-News-2.mp4<\/a><\/video><\/div>\n<p>In der Geschichte von Amigos Caff\u00e8 \u00f6ffnet sich ein neues Kapitel, eine Geschichte, die mit dem kr\u00e4ftigen Aroma von Kaffee geschrieben ist, mit der W\u00e4rme einer Tasse zwischen den H\u00e4nden und mit der Leidenschaft, die unsere Familie seit drei Generationen beseelt.<\/p>\n<p>Kaffee ist f\u00fcr uns genau das, und noch viel mehr. Es ist der Sinn f\u00fcr Hochwertigkeit und Qualit\u00e4t bei der Auswahl der Rohstoffe. Es ist die Kunst des Mischens und die Aufmerksamkeit, die wir allen Herstellungsphasen widmen, damit der Kaffee, der in Ihre Tasse gelangt, zu einem vollkommenen Sinneserlebnis wird.<\/p>\n<p>Deshalb haben wir uns gedacht, dass \u201e<span class=\"s5\">Unser Sinn f\u00fcr Kaffee<\/span>\u201c durch eine <span class=\"s5\">multisensorische Reise<\/span> in unserer <span class=\"s5\">neuen Brand Identity<\/span> zum Ausdruck kommen sollte. F\u00fcr uns ist das nicht nur eine neue, h\u00f6here und unverwechselbare Positionierung, sondern auch eine Einladung an Sie, den Moment, den Sie dem Kaffee widmen, voll und ganz zu erleben und zu genie\u00dfen. Einen Moment, in dem Sie sich Zeit nehmen, um den Sinn des Kaffees durch die Emotionen und Wahrnehmungen zu entdecken, die Ihnen dieses Getr\u00e4nk schenken kann. Wo Sie das Sehen, Riechen, Schmecken, F\u00fchlen und \u2013 warum nicht \u2013 das H\u00f6ren verfeinern und so ein umfassendes Erlebnis genie\u00dfen.<\/p>\n<p>Mit dieser neuen Identit\u00e4t m\u00f6chten wir Ihnen erz\u00e4hlen, was unsere Werte sind und warum wir das lieben, was wir tun. Wir m\u00f6chten, dass Sie sich als Teil unserer Geschichte, unserer Famiglia del Caff\u00e8 f\u00fchlen.<\/p>\n<p>Sind Sie bereit f\u00fcr dieses sensorische Erlebnis? Dann abonnieren Sie unseren Newsletter, damit wir gemeinsam auf diese neue Reise der Sinne gehen k\u00f6nnen.[\/vc_column_text][\/vc_column][\/vc_row][vc_row type=&#8220;in_container&#8220; full_screen_row_position=&#8220;middle&#8220; column_margin=&#8220;default&#8220; column_direction=&#8220;default&#8220; column_direction_tablet=&#8220;default&#8220; column_direction_phone=&#8220;default&#8220; scene_position=&#8220;center&#8220; text_color=&#8220;dark&#8220; text_align=&#8220;left&#8220; row_border_radius=&#8220;none&#8220; row_border_radius_applies=&#8220;bg&#8220; overlay_strength=&#8220;0.3&#8243; gradient_direction=&#8220;left_to_right&#8220; shape_divider_position=&#8220;bottom&#8220; bg_image_animation=&#8220;none&#8220;][vc_column column_padding=&#8220;no-extra-padding&#8220; column_padding_tablet=&#8220;inherit&#8220; column_padding_phone=&#8220;inherit&#8220; column_padding_position=&#8220;all&#8220; column_element_spacing=&#8220;default&#8220; background_color_opacity=&#8220;1&#8243; background_hover_color_opacity=&#8220;1&#8243; column_shadow=&#8220;none&#8220; column_border_radius=&#8220;none&#8220; column_link_target=&#8220;_self&#8220; gradient_direction=&#8220;left_to_right&#8220; overlay_strength=&#8220;0.3&#8243; width=&#8220;1\/1&#8243; tablet_width_inherit=&#8220;default&#8220; tablet_text_alignment=&#8220;default&#8220; phone_text_alignment=&#8220;default&#8220; bg_image_animation=&#8220;none&#8220; border_type=&#8220;simple&#8220; column_border_width=&#8220;none&#8220; column_border_style=&#8220;solid&#8220;][image_with_animation image_url=&#8220;14460&#8243; animation=&#8220;Fade In&#8220; hover_animation=&#8220;none&#8220; alignment=&#8220;center&#8220; border_radius=&#8220;none&#8220; box_shadow=&#8220;none&#8220; image_loading=&#8220;default&#8220; max_width=&#8220;50%&#8220; max_width_mobile=&#8220;default&#8220;][\/vc_column][\/vc_row]\n","protected":false},"excerpt":{"rendered":"<p>[vc_row type=&#8220;in_container&#8220; full_screen_row_position=&#8220;middle&#8220; column_margin=&#8220;default&#8220; column_direction=&#8220;default&#8220; column_direction_tablet=&#8220;default&#8220; column_direction_phone=&#8220;default&#8220; scene_position=&#8220;center&#8220; text_color=&#8220;dark&#8220; text_align=&#8220;left&#8220; row_border_radius=&#8220;none&#8220; row_border_radius_applies=&#8220;bg&#8220; overlay_strength=&#8220;0.3&#8243; gradient_direction=&#8220;left_to_right&#8220; shape_divider_position=&#8220;bottom&#8220; bg_image_animation=&#8220;none&#8220;][vc_column column_padding=&#8220;no-extra-padding&#8220; column_padding_tablet=&#8220;inherit&#8220; column_padding_phone=&#8220;inherit&#8220; column_padding_position=&#8220;all&#8220; column_element_spacing=&#8220;default&#8220; background_color_opacity=&#8220;1&#8243; background_hover_color_opacity=&#8220;1&#8243; column_shadow=&#8220;none&#8220; column_border_radius=&#8220;none&#8220; column_link_target=&#8220;_self&#8220; gradient_direction=&#8220;left_to_right&#8220; overlay_strength=&#8220;0.3&#8243; width=&#8220;1\/1&#8243; tablet_width_inherit=&#8220;default&#8220; tablet_text_alignment=&#8220;default&#8220; phone_text_alignment=&#8220;default&#8220; bg_image_animation=&#8220;none&#8220; border_type=&#8220;simple&#8220; column_border_width=&#8220;none&#8220; column_border_style=&#8220;solid&#8220;][vc_column_text] In der Geschichte von Amigos Caff\u00e8 \u00f6ffnet sich ein neues Kapitel, eine Geschichte, die mit dem kr\u00e4ftigen Aroma von Kaffee geschrieben ist, mit der W\u00e4rme einer Tasse zwischen den H\u00e4nden und mit der Leidenschaft, die unsere Familie seit drei Generationen beseelt. Kaffee ist f\u00fcr uns genau das, und noch viel mehr. Es ist der Sinn f\u00fcr Hochwertigkeit und Qualit\u00e4t bei der Auswahl der Rohstoffe&#8230;.<\/p>\n","protected":false},"author":6,"featured_media":14443,"comment_status":"closed","ping_status":"closed","sticky":false,"template":"","format":"standard","meta":{"footnotes":""},"categories":[33],"tags":[],"class_list":{"0":"post-14524","1":"post","2":"type-post","3":"status-publish","4":"format-standard","5":"has-post-thumbnail","7":"category-unkategorisiert"},"yoast_head":"<!-- This site is optimized with the Yoast SEO plugin v25.3.1 - https:\/\/yoast.com\/wordpress\/plugins\/seo\/ -->\n<title>Unser Sinn f\u00fcr Kaffee: die neue Brand Identity von Amigos Caff\u00e8 - Amigos<\/title>\n<meta name=\"robots\" content=\"index, follow, max-snippet:-1, max-image-preview:large, max-video-preview:-1\" \/>\n<link rel=\"canonical\" href=\"https:\/\/www.amigoscaffe.com\/de\/news\/unser-sinn-fuer-kaffee-die-neue-brand-identity-von-amigos-caffe\/\" \/>\n<meta property=\"og:locale\" content=\"de_DE\" \/>\n<meta property=\"og:type\" content=\"article\" \/>\n<meta property=\"og:title\" content=\"Unser Sinn f\u00fcr Kaffee: die neue Brand Identity von Amigos Caff\u00e8 - Amigos\" \/>\n<meta property=\"og:description\" content=\"[vc_row type=&#8220;in_container&#8220; full_screen_row_position=&#8220;middle&#8220; column_margin=&#8220;default&#8220; column_direction=&#8220;default&#8220; column_direction_tablet=&#8220;default&#8220; column_direction_phone=&#8220;default&#8220; scene_position=&#8220;center&#8220; text_color=&#8220;dark&#8220; text_align=&#8220;left&#8220; row_border_radius=&#8220;none&#8220; row_border_radius_applies=&#8220;bg&#8220; overlay_strength=&#8220;0.3&#8243; gradient_direction=&#8220;left_to_right&#8220; shape_divider_position=&#8220;bottom&#8220; bg_image_animation=&#8220;none&#8220;][vc_column column_padding=&#8220;no-extra-padding&#8220; column_padding_tablet=&#8220;inherit&#8220; column_padding_phone=&#8220;inherit&#8220; column_padding_position=&#8220;all&#8220; column_element_spacing=&#8220;default&#8220; background_color_opacity=&#8220;1&#8243; background_hover_color_opacity=&#8220;1&#8243; column_shadow=&#8220;none&#8220; column_border_radius=&#8220;none&#8220; column_link_target=&#8220;_self&#8220; gradient_direction=&#8220;left_to_right&#8220; overlay_strength=&#8220;0.3&#8243; width=&#8220;1\/1&#8243; tablet_width_inherit=&#8220;default&#8220; tablet_text_alignment=&#8220;default&#8220; phone_text_alignment=&#8220;default&#8220; bg_image_animation=&#8220;none&#8220; border_type=&#8220;simple&#8220; column_border_width=&#8220;none&#8220; column_border_style=&#8220;solid&#8220;][vc_column_text] In der Geschichte von Amigos Caff\u00e8 \u00f6ffnet sich ein neues Kapitel, eine Geschichte, die mit dem kr\u00e4ftigen Aroma von Kaffee geschrieben ist, mit der W\u00e4rme einer Tasse zwischen den H\u00e4nden und mit der Leidenschaft, die unsere Familie seit drei Generationen beseelt. Kaffee ist f\u00fcr uns genau das, und noch viel mehr. Es ist der Sinn f\u00fcr Hochwertigkeit und Qualit\u00e4t bei der Auswahl der Rohstoffe....\" \/>\n<meta property=\"og:url\" content=\"https:\/\/www.amigoscaffe.com\/de\/news\/unser-sinn-fuer-kaffee-die-neue-brand-identity-von-amigos-caffe\/\" \/>\n<meta property=\"og:site_name\" content=\"Amigos\" \/>\n<meta property=\"article:published_time\" content=\"2024-11-21T09:48:42+00:00\" \/>\n<meta property=\"article:modified_time\" content=\"2024-11-21T10:04:01+00:00\" \/>\n<meta property=\"og:image\" content=\"http:\/\/www.amigoscaffe.com\/wp-content\/uploads\/2024\/11\/PREVIEW-ok-copia-1.jpg\" \/>\n\t<meta property=\"og:image:width\" content=\"2064\" \/>\n\t<meta property=\"og:image:height\" content=\"2220\" \/>\n\t<meta property=\"og:image:type\" content=\"image\/jpeg\" \/>\n<meta name=\"author\" content=\"Amigos Caff\u00e8\" \/>\n<meta name=\"twitter:card\" content=\"summary_large_image\" \/>\n<meta name=\"twitter:label1\" content=\"Verfasst von\" \/>\n\t<meta name=\"twitter:data1\" content=\"Amigos Caff\u00e8\" \/>\n\t<meta name=\"twitter:label2\" content=\"Gesch\u00e4tzte Lesezeit\" \/>\n\t<meta name=\"twitter:data2\" content=\"2\u00a0Minuten\" \/>\n<script type=\"application\/ld+json\" class=\"yoast-schema-graph\">{\"@context\":\"https:\/\/schema.org\",\"@graph\":[{\"@type\":\"WebPage\",\"@id\":\"https:\/\/www.amigoscaffe.com\/de\/news\/unser-sinn-fuer-kaffee-die-neue-brand-identity-von-amigos-caffe\/\",\"url\":\"https:\/\/www.amigoscaffe.com\/de\/news\/unser-sinn-fuer-kaffee-die-neue-brand-identity-von-amigos-caffe\/\",\"name\":\"Unser Sinn f\u00fcr Kaffee: die neue Brand Identity von Amigos Caff\u00e8 - Amigos\",\"isPartOf\":{\"@id\":\"https:\/\/www.amigoscaffe.com\/de\/#website\"},\"primaryImageOfPage\":{\"@id\":\"https:\/\/www.amigoscaffe.com\/de\/news\/unser-sinn-fuer-kaffee-die-neue-brand-identity-von-amigos-caffe\/#primaryimage\"},\"image\":{\"@id\":\"https:\/\/www.amigoscaffe.com\/de\/news\/unser-sinn-fuer-kaffee-die-neue-brand-identity-von-amigos-caffe\/#primaryimage\"},\"thumbnailUrl\":\"https:\/\/www.amigoscaffe.com\/wp-content\/uploads\/2024\/11\/PREVIEW-ok-copia-1.jpg\",\"datePublished\":\"2024-11-21T09:48:42+00:00\",\"dateModified\":\"2024-11-21T10:04:01+00:00\",\"author\":{\"@id\":\"https:\/\/www.amigoscaffe.com\/de\/#\/schema\/person\/0372707d8cd3e8de8c3e28bda5f1fa23\"},\"breadcrumb\":{\"@id\":\"https:\/\/www.amigoscaffe.com\/de\/news\/unser-sinn-fuer-kaffee-die-neue-brand-identity-von-amigos-caffe\/#breadcrumb\"},\"inLanguage\":\"de\",\"potentialAction\":[{\"@type\":\"ReadAction\",\"target\":[\"https:\/\/www.amigoscaffe.com\/de\/news\/unser-sinn-fuer-kaffee-die-neue-brand-identity-von-amigos-caffe\/\"]}]},{\"@type\":\"ImageObject\",\"inLanguage\":\"de\",\"@id\":\"https:\/\/www.amigoscaffe.com\/de\/news\/unser-sinn-fuer-kaffee-die-neue-brand-identity-von-amigos-caffe\/#primaryimage\",\"url\":\"https:\/\/www.amigoscaffe.com\/wp-content\/uploads\/2024\/11\/PREVIEW-ok-copia-1.jpg\",\"contentUrl\":\"https:\/\/www.amigoscaffe.com\/wp-content\/uploads\/2024\/11\/PREVIEW-ok-copia-1.jpg\",\"width\":2064,\"height\":2220,\"caption\":\"Screenshot\"},{\"@type\":\"BreadcrumbList\",\"@id\":\"https:\/\/www.amigoscaffe.com\/de\/news\/unser-sinn-fuer-kaffee-die-neue-brand-identity-von-amigos-caffe\/#breadcrumb\",\"itemListElement\":[{\"@type\":\"ListItem\",\"position\":1,\"name\":\"Home\",\"item\":\"https:\/\/www.amigoscaffe.com\/de\/\"},{\"@type\":\"ListItem\",\"position\":2,\"name\":\"Unser Sinn f\u00fcr Kaffee: die neue Brand Identity von Amigos Caff\u00e8\"}]},{\"@type\":\"WebSite\",\"@id\":\"https:\/\/www.amigoscaffe.com\/de\/#website\",\"url\":\"https:\/\/www.amigoscaffe.com\/de\/\",\"name\":\"Amigos\",\"description\":\"La famiglia del caff\u00e8\",\"potentialAction\":[{\"@type\":\"SearchAction\",\"target\":{\"@type\":\"EntryPoint\",\"urlTemplate\":\"https:\/\/www.amigoscaffe.com\/de\/?s={search_term_string}\"},\"query-input\":{\"@type\":\"PropertyValueSpecification\",\"valueRequired\":true,\"valueName\":\"search_term_string\"}}],\"inLanguage\":\"de\"},{\"@type\":\"Person\",\"@id\":\"https:\/\/www.amigoscaffe.com\/de\/#\/schema\/person\/0372707d8cd3e8de8c3e28bda5f1fa23\",\"name\":\"Amigos Caff\u00e8\",\"image\":{\"@type\":\"ImageObject\",\"inLanguage\":\"de\",\"@id\":\"https:\/\/www.amigoscaffe.com\/de\/#\/schema\/person\/image\/\",\"url\":\"https:\/\/secure.gravatar.com\/avatar\/d758c2fad132c631ab8e1598828db155084cd8adf985019623c45b7f6a4cf379?s=96&d=mm&r=g\",\"contentUrl\":\"https:\/\/secure.gravatar.com\/avatar\/d758c2fad132c631ab8e1598828db155084cd8adf985019623c45b7f6a4cf379?s=96&d=mm&r=g\",\"caption\":\"Amigos Caff\u00e8\"},\"url\":\"https:\/\/www.amigoscaffe.com\/de\/news\/author\/amigos-caffe\/\"}]}<\/script>\n<!-- \/ Yoast SEO plugin. -->","yoast_head_json":{"title":"Unser Sinn f\u00fcr Kaffee: die neue Brand Identity von Amigos Caff\u00e8 - Amigos","robots":{"index":"index","follow":"follow","max-snippet":"max-snippet:-1","max-image-preview":"max-image-preview:large","max-video-preview":"max-video-preview:-1"},"canonical":"https:\/\/www.amigoscaffe.com\/de\/news\/unser-sinn-fuer-kaffee-die-neue-brand-identity-von-amigos-caffe\/","og_locale":"de_DE","og_type":"article","og_title":"Unser Sinn f\u00fcr Kaffee: die neue Brand Identity von Amigos Caff\u00e8 - Amigos","og_description":"[vc_row type=&#8220;in_container&#8220; full_screen_row_position=&#8220;middle&#8220; column_margin=&#8220;default&#8220; column_direction=&#8220;default&#8220; column_direction_tablet=&#8220;default&#8220; column_direction_phone=&#8220;default&#8220; scene_position=&#8220;center&#8220; text_color=&#8220;dark&#8220; text_align=&#8220;left&#8220; row_border_radius=&#8220;none&#8220; row_border_radius_applies=&#8220;bg&#8220; overlay_strength=&#8220;0.3&#8243; gradient_direction=&#8220;left_to_right&#8220; shape_divider_position=&#8220;bottom&#8220; bg_image_animation=&#8220;none&#8220;][vc_column column_padding=&#8220;no-extra-padding&#8220; column_padding_tablet=&#8220;inherit&#8220; column_padding_phone=&#8220;inherit&#8220; column_padding_position=&#8220;all&#8220; column_element_spacing=&#8220;default&#8220; background_color_opacity=&#8220;1&#8243; background_hover_color_opacity=&#8220;1&#8243; column_shadow=&#8220;none&#8220; column_border_radius=&#8220;none&#8220; column_link_target=&#8220;_self&#8220; gradient_direction=&#8220;left_to_right&#8220; overlay_strength=&#8220;0.3&#8243; width=&#8220;1\/1&#8243; tablet_width_inherit=&#8220;default&#8220; tablet_text_alignment=&#8220;default&#8220; phone_text_alignment=&#8220;default&#8220; bg_image_animation=&#8220;none&#8220; border_type=&#8220;simple&#8220; column_border_width=&#8220;none&#8220; column_border_style=&#8220;solid&#8220;][vc_column_text] In der Geschichte von Amigos Caff\u00e8 \u00f6ffnet sich ein neues Kapitel, eine Geschichte, die mit dem kr\u00e4ftigen Aroma von Kaffee geschrieben ist, mit der W\u00e4rme einer Tasse zwischen den H\u00e4nden und mit der Leidenschaft, die unsere Familie seit drei Generationen beseelt. Kaffee ist f\u00fcr uns genau das, und noch viel mehr. Es ist der Sinn f\u00fcr Hochwertigkeit und Qualit\u00e4t bei der Auswahl der Rohstoffe....","og_url":"https:\/\/www.amigoscaffe.com\/de\/news\/unser-sinn-fuer-kaffee-die-neue-brand-identity-von-amigos-caffe\/","og_site_name":"Amigos","article_published_time":"2024-11-21T09:48:42+00:00","article_modified_time":"2024-11-21T10:04:01+00:00","og_image":[{"width":2064,"height":2220,"url":"http:\/\/www.amigoscaffe.com\/wp-content\/uploads\/2024\/11\/PREVIEW-ok-copia-1.jpg","type":"image\/jpeg"}],"author":"Amigos Caff\u00e8","twitter_card":"summary_large_image","twitter_misc":{"Verfasst von":"Amigos Caff\u00e8","Gesch\u00e4tzte Lesezeit":"2\u00a0Minuten"},"schema":{"@context":"https:\/\/schema.org","@graph":[{"@type":"WebPage","@id":"https:\/\/www.amigoscaffe.com\/de\/news\/unser-sinn-fuer-kaffee-die-neue-brand-identity-von-amigos-caffe\/","url":"https:\/\/www.amigoscaffe.com\/de\/news\/unser-sinn-fuer-kaffee-die-neue-brand-identity-von-amigos-caffe\/","name":"Unser Sinn f\u00fcr Kaffee: die neue Brand Identity von Amigos Caff\u00e8 - Amigos","isPartOf":{"@id":"https:\/\/www.amigoscaffe.com\/de\/#website"},"primaryImageOfPage":{"@id":"https:\/\/www.amigoscaffe.com\/de\/news\/unser-sinn-fuer-kaffee-die-neue-brand-identity-von-amigos-caffe\/#primaryimage"},"image":{"@id":"https:\/\/www.amigoscaffe.com\/de\/news\/unser-sinn-fuer-kaffee-die-neue-brand-identity-von-amigos-caffe\/#primaryimage"},"thumbnailUrl":"https:\/\/www.amigoscaffe.com\/wp-content\/uploads\/2024\/11\/PREVIEW-ok-copia-1.jpg","datePublished":"2024-11-21T09:48:42+00:00","dateModified":"2024-11-21T10:04:01+00:00","author":{"@id":"https:\/\/www.amigoscaffe.com\/de\/#\/schema\/person\/0372707d8cd3e8de8c3e28bda5f1fa23"},"breadcrumb":{"@id":"https:\/\/www.amigoscaffe.com\/de\/news\/unser-sinn-fuer-kaffee-die-neue-brand-identity-von-amigos-caffe\/#breadcrumb"},"inLanguage":"de","potentialAction":[{"@type":"ReadAction","target":["https:\/\/www.amigoscaffe.com\/de\/news\/unser-sinn-fuer-kaffee-die-neue-brand-identity-von-amigos-caffe\/"]}]},{"@type":"ImageObject","inLanguage":"de","@id":"https:\/\/www.amigoscaffe.com\/de\/news\/unser-sinn-fuer-kaffee-die-neue-brand-identity-von-amigos-caffe\/#primaryimage","url":"https:\/\/www.amigoscaffe.com\/wp-content\/uploads\/2024\/11\/PREVIEW-ok-copia-1.jpg","contentUrl":"https:\/\/www.amigoscaffe.com\/wp-content\/uploads\/2024\/11\/PREVIEW-ok-copia-1.jpg","width":2064,"height":2220,"caption":"Screenshot"},{"@type":"BreadcrumbList","@id":"https:\/\/www.amigoscaffe.com\/de\/news\/unser-sinn-fuer-kaffee-die-neue-brand-identity-von-amigos-caffe\/#breadcrumb","itemListElement":[{"@type":"ListItem","position":1,"name":"Home","item":"https:\/\/www.amigoscaffe.com\/de\/"},{"@type":"ListItem","position":2,"name":"Unser Sinn f\u00fcr Kaffee: die neue Brand Identity von Amigos Caff\u00e8"}]},{"@type":"WebSite","@id":"https:\/\/www.amigoscaffe.com\/de\/#website","url":"https:\/\/www.amigoscaffe.com\/de\/","name":"Amigos","description":"La famiglia del caff\u00e8","potentialAction":[{"@type":"SearchAction","target":{"@type":"EntryPoint","urlTemplate":"https:\/\/www.amigoscaffe.com\/de\/?s={search_term_string}"},"query-input":{"@type":"PropertyValueSpecification","valueRequired":true,"valueName":"search_term_string"}}],"inLanguage":"de"},{"@type":"Person","@id":"https:\/\/www.amigoscaffe.com\/de\/#\/schema\/person\/0372707d8cd3e8de8c3e28bda5f1fa23","name":"Amigos Caff\u00e8","image":{"@type":"ImageObject","inLanguage":"de","@id":"https:\/\/www.amigoscaffe.com\/de\/#\/schema\/person\/image\/","url":"https:\/\/secure.gravatar.com\/avatar\/d758c2fad132c631ab8e1598828db155084cd8adf985019623c45b7f6a4cf379?s=96&d=mm&r=g","contentUrl":"https:\/\/secure.gravatar.com\/avatar\/d758c2fad132c631ab8e1598828db155084cd8adf985019623c45b7f6a4cf379?s=96&d=mm&r=g","caption":"Amigos Caff\u00e8"},"url":"https:\/\/www.amigoscaffe.com\/de\/news\/author\/amigos-caffe\/"}]}},"_links":{"self":[{"href":"https:\/\/www.amigoscaffe.com\/de\/wp-json\/wp\/v2\/posts\/14524","targetHints":{"allow":["GET"]}}],"collection":[{"href":"https:\/\/www.amigoscaffe.com\/de\/wp-json\/wp\/v2\/posts"}],"about":[{"href":"https:\/\/www.amigoscaffe.com\/de\/wp-json\/wp\/v2\/types\/post"}],"author":[{"embeddable":true,"href":"https:\/\/www.amigoscaffe.com\/de\/wp-json\/wp\/v2\/users\/6"}],"replies":[{"embeddable":true,"href":"https:\/\/www.amigoscaffe.com\/de\/wp-json\/wp\/v2\/comments?post=14524"}],"version-history":[{"count":1,"href":"https:\/\/www.amigoscaffe.com\/de\/wp-json\/wp\/v2\/posts\/14524\/revisions"}],"predecessor-version":[{"id":14525,"href":"https:\/\/www.amigoscaffe.com\/de\/wp-json\/wp\/v2\/posts\/14524\/revisions\/14525"}],"wp:featuredmedia":[{"embeddable":true,"href":"https:\/\/www.amigoscaffe.com\/de\/wp-json\/wp\/v2\/media\/14443"}],"wp:attachment":[{"href":"https:\/\/www.amigoscaffe.com\/de\/wp-json\/wp\/v2\/media?parent=14524"}],"wp:term":[{"taxonomy":"category","embeddable":true,"href":"https:\/\/www.amigoscaffe.com\/de\/wp-json\/wp\/v2\/categories?post=14524"},{"taxonomy":"post_tag","embeddable":true,"href":"https:\/\/www.amigoscaffe.com\/de\/wp-json\/wp\/v2\/tags?post=14524"}],"curies":[{"name":"wp","href":"https:\/\/api.w.org\/{rel}","templated":true}]}}