{"id":14512,"date":"2024-11-21T10:47:29","date_gmt":"2024-11-21T09:47:29","guid":{"rendered":"https:\/\/www.amigoscaffe.com\/?p=14512"},"modified":"2024-11-21T11:07:24","modified_gmt":"2024-11-21T10:07:24","slug":"nas-dozivljaj-kave-novi-identitet-brenda-amigos-caffe","status":"publish","type":"post","link":"https:\/\/www.amigoscaffe.com\/hr\/news\/nas-dozivljaj-kave-novi-identitet-brenda-amigos-caffe\/","title":{"rendered":"Na\u0161 do\u017eivljaj kave: novi identitet brenda Amigos Caff\u00e8"},"content":{"rendered":"[vc_row type=&#8221;in_container&#8221; full_screen_row_position=&#8221;middle&#8221; column_margin=&#8221;default&#8221; column_direction=&#8221;default&#8221; column_direction_tablet=&#8221;default&#8221; column_direction_phone=&#8221;default&#8221; scene_position=&#8221;center&#8221; text_color=&#8221;dark&#8221; text_align=&#8221;left&#8221; row_border_radius=&#8221;none&#8221; row_border_radius_applies=&#8221;bg&#8221; overlay_strength=&#8221;0.3&#8243; gradient_direction=&#8221;left_to_right&#8221; shape_divider_position=&#8221;bottom&#8221; bg_image_animation=&#8221;none&#8221;][vc_column column_padding=&#8221;no-extra-padding&#8221; column_padding_tablet=&#8221;inherit&#8221; column_padding_phone=&#8221;inherit&#8221; column_padding_position=&#8221;all&#8221; column_element_spacing=&#8221;default&#8221; background_color_opacity=&#8221;1&#8243; background_hover_color_opacity=&#8221;1&#8243; column_shadow=&#8221;none&#8221; column_border_radius=&#8221;none&#8221; column_link_target=&#8221;_self&#8221; gradient_direction=&#8221;left_to_right&#8221; overlay_strength=&#8221;0.3&#8243; width=&#8221;1\/1&#8243; tablet_width_inherit=&#8221;default&#8221; tablet_text_alignment=&#8221;default&#8221; phone_text_alignment=&#8221;default&#8221; bg_image_animation=&#8221;none&#8221; border_type=&#8221;simple&#8221; column_border_width=&#8221;none&#8221; column_border_style=&#8221;solid&#8221;][vc_column_text]\n<div style=\"width: 1080px;\" class=\"wp-video\"><!--[if lt IE 9]><script>document.createElement('video');<\/script><![endif]-->\n<video class=\"wp-video-shortcode\" id=\"video-14512-1\" width=\"1080\" height=\"763\" preload=\"metadata\" controls=\"controls\"><source type=\"video\/mp4\" src=\"https:\/\/www.amigoscaffe.com\/wp-content\/uploads\/2024\/11\/AMIGOS_Slideshow-News-2.mp4?_=1\" \/><a href=\"https:\/\/www.amigoscaffe.com\/wp-content\/uploads\/2024\/11\/AMIGOS_Slideshow-News-2.mp4\">https:\/\/www.amigoscaffe.com\/wp-content\/uploads\/2024\/11\/AMIGOS_Slideshow-News-2.mp4<\/a><\/video><\/div>\n<p>Otvara se novo poglavlje pri\u010de o poduze\u0107u Amigos Caff\u00e8. Rije\u010d je o pri\u010di ispisanoj intenzivnom aromom kave, toplinom \u0161alice u rukama i stra\u0161\u0107u koja ve\u0107 tri generacije pokre\u0107e na\u0161u obitelj.<\/p>\n<p>Za nas kava predstavlja sve navedeno, a i mnogo vi\u0161e od toga \u2013 tu su osje\u0107aj izvrsnosti i kvalitete u odabiru sirovina, umjetnost mije\u0161anja i pa\u017enja koju posve\u0107ujemo u svim fazama procesa kako bi kava koja dospije u va\u0161u \u0161alicu ponudila potpuno iskustvo za sva va\u0161a osjetila.<\/p>\n<p>Iz tog smo razloga \u017eeljeli da \u201e<span class=\"s5\">Na\u0161 do\u017eivljaj kave<\/span>\u201d za\u017eivi u <span class=\"s5\">novom identitetu brenda<\/span> kroz <span class=\"s5\">vi\u0161eosjetilno<\/span><span class=\"s5\"> iskustvo<\/span>. Za nas to ne zna\u010di samo novo postavljanje brenda na vi\u0161u i prepoznatljiviju poziciju ve\u0107 je rije\u010d o pozivu da u potpunosti do\u017eivite i u\u017eivate u trenutku koji posve\u0107ujete kavi, trenutku kad mo\u017eete odvojiti vrijeme i otkriti do\u017eivljaj kave kroz emocije i osjete koje vam \u0161alica mo\u017ee pru\u017eiti. Oplemenite vid, miris, okus, dodir i \u2013 za\u0161to ne \u2013 sluh kako biste u\u017eivali u potpunom iskustvu.<\/p>\n<p>Ovim novim identitetom \u017eelimo vam poru\u010diti koje su na\u0161e vrijednosti i za\u0161to volimo ono \u0161to radimo. \u017delimo da se osje\u0107ate kao dio na\u0161e pri\u010de i na\u0161e obitelji kave.<\/p>\n<p>Jeste li spremni za ovo iskustvo za sva va\u0161a osjetila? Prijavite se na newsletter i po\u0111ite s nama na ovo novo putovanje kroz osjetila.[\/vc_column_text][\/vc_column][\/vc_row][vc_row type=&#8221;in_container&#8221; full_screen_row_position=&#8221;middle&#8221; column_margin=&#8221;default&#8221; column_direction=&#8221;default&#8221; column_direction_tablet=&#8221;default&#8221; column_direction_phone=&#8221;default&#8221; scene_position=&#8221;center&#8221; text_color=&#8221;dark&#8221; text_align=&#8221;left&#8221; row_border_radius=&#8221;none&#8221; row_border_radius_applies=&#8221;bg&#8221; overlay_strength=&#8221;0.3&#8243; gradient_direction=&#8221;left_to_right&#8221; shape_divider_position=&#8221;bottom&#8221; bg_image_animation=&#8221;none&#8221;][vc_column column_padding=&#8221;no-extra-padding&#8221; column_padding_tablet=&#8221;inherit&#8221; column_padding_phone=&#8221;inherit&#8221; column_padding_position=&#8221;all&#8221; column_element_spacing=&#8221;default&#8221; background_color_opacity=&#8221;1&#8243; background_hover_color_opacity=&#8221;1&#8243; column_shadow=&#8221;none&#8221; column_border_radius=&#8221;none&#8221; column_link_target=&#8221;_self&#8221; gradient_direction=&#8221;left_to_right&#8221; overlay_strength=&#8221;0.3&#8243; width=&#8221;1\/1&#8243; tablet_width_inherit=&#8221;default&#8221; tablet_text_alignment=&#8221;default&#8221; phone_text_alignment=&#8221;default&#8221; bg_image_animation=&#8221;none&#8221; border_type=&#8221;simple&#8221; column_border_width=&#8221;none&#8221; column_border_style=&#8221;solid&#8221;][image_with_animation image_url=&#8221;14460&#8243; animation=&#8221;Fade In&#8221; hover_animation=&#8221;none&#8221; alignment=&#8221;center&#8221; border_radius=&#8221;none&#8221; box_shadow=&#8221;none&#8221; image_loading=&#8221;default&#8221; max_width=&#8221;50%&#8221; max_width_mobile=&#8221;default&#8221;][\/vc_column][\/vc_row]\n","protected":false},"excerpt":{"rendered":"<p>[vc_row type=&#8221;in_container&#8221; full_screen_row_position=&#8221;middle&#8221; column_margin=&#8221;default&#8221; column_direction=&#8221;default&#8221; column_direction_tablet=&#8221;default&#8221; column_direction_phone=&#8221;default&#8221; scene_position=&#8221;center&#8221; text_color=&#8221;dark&#8221; text_align=&#8221;left&#8221; row_border_radius=&#8221;none&#8221; row_border_radius_applies=&#8221;bg&#8221; overlay_strength=&#8221;0.3&#8243; gradient_direction=&#8221;left_to_right&#8221; shape_divider_position=&#8221;bottom&#8221; bg_image_animation=&#8221;none&#8221;][vc_column column_padding=&#8221;no-extra-padding&#8221; column_padding_tablet=&#8221;inherit&#8221; column_padding_phone=&#8221;inherit&#8221; column_padding_position=&#8221;all&#8221; column_element_spacing=&#8221;default&#8221; background_color_opacity=&#8221;1&#8243; background_hover_color_opacity=&#8221;1&#8243; column_shadow=&#8221;none&#8221; column_border_radius=&#8221;none&#8221; column_link_target=&#8221;_self&#8221; gradient_direction=&#8221;left_to_right&#8221; overlay_strength=&#8221;0.3&#8243; width=&#8221;1\/1&#8243; tablet_width_inherit=&#8221;default&#8221; tablet_text_alignment=&#8221;default&#8221; phone_text_alignment=&#8221;default&#8221; bg_image_animation=&#8221;none&#8221; border_type=&#8221;simple&#8221; column_border_width=&#8221;none&#8221; column_border_style=&#8221;solid&#8221;][vc_column_text] Otvara se novo poglavlje pri\u010de o poduze\u0107u Amigos Caff\u00e8. Rije\u010d je o pri\u010di ispisanoj intenzivnom aromom kave, toplinom \u0161alice u rukama i stra\u0161\u0107u koja ve\u0107 tri generacije pokre\u0107e na\u0161u obitelj. Za nas kava predstavlja sve navedeno, a i mnogo vi\u0161e od toga \u2013 tu su osje\u0107aj izvrsnosti i kvalitete u odabiru sirovina, umjetnost mije\u0161anja i pa\u017enja koju posve\u0107ujemo u svim fazama procesa kako bi&#8230;<\/p>\n","protected":false},"author":6,"featured_media":14440,"comment_status":"closed","ping_status":"closed","sticky":false,"template":"","format":"standard","meta":{"footnotes":""},"categories":[35],"tags":[],"class_list":{"0":"post-14512","1":"post","2":"type-post","3":"status-publish","4":"format-standard","5":"has-post-thumbnail","7":"category-uncategorized-hr"},"yoast_head":"<!-- This site is optimized with the Yoast SEO plugin v25.3.1 - https:\/\/yoast.com\/wordpress\/plugins\/seo\/ -->\n<title>Na\u0161 do\u017eivljaj kave: novi identitet brenda Amigos Caff\u00e8 - Amigos<\/title>\n<meta name=\"robots\" content=\"index, follow, max-snippet:-1, max-image-preview:large, max-video-preview:-1\" \/>\n<link rel=\"canonical\" href=\"https:\/\/www.amigoscaffe.com\/hr\/news\/nas-dozivljaj-kave-novi-identitet-brenda-amigos-caffe\/\" \/>\n<meta property=\"og:locale\" content=\"hr_HR\" \/>\n<meta property=\"og:type\" content=\"article\" \/>\n<meta property=\"og:title\" content=\"Na\u0161 do\u017eivljaj kave: novi identitet brenda Amigos Caff\u00e8 - Amigos\" \/>\n<meta property=\"og:description\" content=\"[vc_row type=&#8221;in_container&#8221; full_screen_row_position=&#8221;middle&#8221; column_margin=&#8221;default&#8221; column_direction=&#8221;default&#8221; column_direction_tablet=&#8221;default&#8221; column_direction_phone=&#8221;default&#8221; scene_position=&#8221;center&#8221; text_color=&#8221;dark&#8221; text_align=&#8221;left&#8221; row_border_radius=&#8221;none&#8221; row_border_radius_applies=&#8221;bg&#8221; overlay_strength=&#8221;0.3&#8243; gradient_direction=&#8221;left_to_right&#8221; shape_divider_position=&#8221;bottom&#8221; bg_image_animation=&#8221;none&#8221;][vc_column column_padding=&#8221;no-extra-padding&#8221; column_padding_tablet=&#8221;inherit&#8221; column_padding_phone=&#8221;inherit&#8221; column_padding_position=&#8221;all&#8221; column_element_spacing=&#8221;default&#8221; background_color_opacity=&#8221;1&#8243; background_hover_color_opacity=&#8221;1&#8243; column_shadow=&#8221;none&#8221; column_border_radius=&#8221;none&#8221; column_link_target=&#8221;_self&#8221; gradient_direction=&#8221;left_to_right&#8221; overlay_strength=&#8221;0.3&#8243; width=&#8221;1\/1&#8243; tablet_width_inherit=&#8221;default&#8221; tablet_text_alignment=&#8221;default&#8221; phone_text_alignment=&#8221;default&#8221; bg_image_animation=&#8221;none&#8221; border_type=&#8221;simple&#8221; column_border_width=&#8221;none&#8221; column_border_style=&#8221;solid&#8221;][vc_column_text] Otvara se novo poglavlje pri\u010de o poduze\u0107u Amigos Caff\u00e8. Rije\u010d je o pri\u010di ispisanoj intenzivnom aromom kave, toplinom \u0161alice u rukama i stra\u0161\u0107u koja ve\u0107 tri generacije pokre\u0107e na\u0161u obitelj. Za nas kava predstavlja sve navedeno, a i mnogo vi\u0161e od toga \u2013 tu su osje\u0107aj izvrsnosti i kvalitete u odabiru sirovina, umjetnost mije\u0161anja i pa\u017enja koju posve\u0107ujemo u svim fazama procesa kako bi...\" \/>\n<meta property=\"og:url\" content=\"https:\/\/www.amigoscaffe.com\/hr\/news\/nas-dozivljaj-kave-novi-identitet-brenda-amigos-caffe\/\" \/>\n<meta property=\"og:site_name\" content=\"Amigos\" \/>\n<meta property=\"article:published_time\" content=\"2024-11-21T09:47:29+00:00\" \/>\n<meta property=\"article:modified_time\" content=\"2024-11-21T10:07:24+00:00\" \/>\n<meta property=\"og:image\" content=\"http:\/\/www.amigoscaffe.com\/wp-content\/uploads\/2024\/11\/PREVIEW-ok-copia-1.jpg\" \/>\n\t<meta property=\"og:image:width\" content=\"2064\" \/>\n\t<meta property=\"og:image:height\" content=\"2220\" \/>\n\t<meta property=\"og:image:type\" content=\"image\/jpeg\" \/>\n<meta name=\"author\" content=\"Amigos Caff\u00e8\" \/>\n<meta name=\"twitter:card\" content=\"summary_large_image\" \/>\n<meta name=\"twitter:label1\" content=\"Napisao\/la\" \/>\n\t<meta name=\"twitter:data1\" content=\"Amigos Caff\u00e8\" \/>\n\t<meta name=\"twitter:label2\" content=\"Procijenjeno vrijeme \u010ditanja\" \/>\n\t<meta name=\"twitter:data2\" content=\"2 minute\" \/>\n<script type=\"application\/ld+json\" class=\"yoast-schema-graph\">{\"@context\":\"https:\/\/schema.org\",\"@graph\":[{\"@type\":\"WebPage\",\"@id\":\"https:\/\/www.amigoscaffe.com\/hr\/news\/nas-dozivljaj-kave-novi-identitet-brenda-amigos-caffe\/\",\"url\":\"https:\/\/www.amigoscaffe.com\/hr\/news\/nas-dozivljaj-kave-novi-identitet-brenda-amigos-caffe\/\",\"name\":\"Na\u0161 do\u017eivljaj kave: novi identitet brenda Amigos Caff\u00e8 - Amigos\",\"isPartOf\":{\"@id\":\"https:\/\/www.amigoscaffe.com\/hr\/#website\"},\"primaryImageOfPage\":{\"@id\":\"https:\/\/www.amigoscaffe.com\/hr\/news\/nas-dozivljaj-kave-novi-identitet-brenda-amigos-caffe\/#primaryimage\"},\"image\":{\"@id\":\"https:\/\/www.amigoscaffe.com\/hr\/news\/nas-dozivljaj-kave-novi-identitet-brenda-amigos-caffe\/#primaryimage\"},\"thumbnailUrl\":\"https:\/\/www.amigoscaffe.com\/wp-content\/uploads\/2024\/11\/PREVIEW-ok-copia-1.jpg\",\"datePublished\":\"2024-11-21T09:47:29+00:00\",\"dateModified\":\"2024-11-21T10:07:24+00:00\",\"author\":{\"@id\":\"https:\/\/www.amigoscaffe.com\/hr\/#\/schema\/person\/0372707d8cd3e8de8c3e28bda5f1fa23\"},\"breadcrumb\":{\"@id\":\"https:\/\/www.amigoscaffe.com\/hr\/news\/nas-dozivljaj-kave-novi-identitet-brenda-amigos-caffe\/#breadcrumb\"},\"inLanguage\":\"hr\",\"potentialAction\":[{\"@type\":\"ReadAction\",\"target\":[\"https:\/\/www.amigoscaffe.com\/hr\/news\/nas-dozivljaj-kave-novi-identitet-brenda-amigos-caffe\/\"]}]},{\"@type\":\"ImageObject\",\"inLanguage\":\"hr\",\"@id\":\"https:\/\/www.amigoscaffe.com\/hr\/news\/nas-dozivljaj-kave-novi-identitet-brenda-amigos-caffe\/#primaryimage\",\"url\":\"https:\/\/www.amigoscaffe.com\/wp-content\/uploads\/2024\/11\/PREVIEW-ok-copia-1.jpg\",\"contentUrl\":\"https:\/\/www.amigoscaffe.com\/wp-content\/uploads\/2024\/11\/PREVIEW-ok-copia-1.jpg\",\"width\":2064,\"height\":2220,\"caption\":\"Screenshot\"},{\"@type\":\"BreadcrumbList\",\"@id\":\"https:\/\/www.amigoscaffe.com\/hr\/news\/nas-dozivljaj-kave-novi-identitet-brenda-amigos-caffe\/#breadcrumb\",\"itemListElement\":[{\"@type\":\"ListItem\",\"position\":1,\"name\":\"Home\",\"item\":\"https:\/\/www.amigoscaffe.com\/hr\/\"},{\"@type\":\"ListItem\",\"position\":2,\"name\":\"Na\u0161 do\u017eivljaj kave: novi identitet brenda Amigos Caff\u00e8\"}]},{\"@type\":\"WebSite\",\"@id\":\"https:\/\/www.amigoscaffe.com\/hr\/#website\",\"url\":\"https:\/\/www.amigoscaffe.com\/hr\/\",\"name\":\"Amigos\",\"description\":\"La famiglia del caff\u00e8\",\"potentialAction\":[{\"@type\":\"SearchAction\",\"target\":{\"@type\":\"EntryPoint\",\"urlTemplate\":\"https:\/\/www.amigoscaffe.com\/hr\/?s={search_term_string}\"},\"query-input\":{\"@type\":\"PropertyValueSpecification\",\"valueRequired\":true,\"valueName\":\"search_term_string\"}}],\"inLanguage\":\"hr\"},{\"@type\":\"Person\",\"@id\":\"https:\/\/www.amigoscaffe.com\/hr\/#\/schema\/person\/0372707d8cd3e8de8c3e28bda5f1fa23\",\"name\":\"Amigos Caff\u00e8\",\"image\":{\"@type\":\"ImageObject\",\"inLanguage\":\"hr\",\"@id\":\"https:\/\/www.amigoscaffe.com\/hr\/#\/schema\/person\/image\/\",\"url\":\"https:\/\/secure.gravatar.com\/avatar\/d758c2fad132c631ab8e1598828db155084cd8adf985019623c45b7f6a4cf379?s=96&d=mm&r=g\",\"contentUrl\":\"https:\/\/secure.gravatar.com\/avatar\/d758c2fad132c631ab8e1598828db155084cd8adf985019623c45b7f6a4cf379?s=96&d=mm&r=g\",\"caption\":\"Amigos Caff\u00e8\"},\"url\":\"https:\/\/www.amigoscaffe.com\/hr\/news\/author\/amigos-caffe\/\"}]}<\/script>\n<!-- \/ Yoast SEO plugin. -->","yoast_head_json":{"title":"Na\u0161 do\u017eivljaj kave: novi identitet brenda Amigos Caff\u00e8 - Amigos","robots":{"index":"index","follow":"follow","max-snippet":"max-snippet:-1","max-image-preview":"max-image-preview:large","max-video-preview":"max-video-preview:-1"},"canonical":"https:\/\/www.amigoscaffe.com\/hr\/news\/nas-dozivljaj-kave-novi-identitet-brenda-amigos-caffe\/","og_locale":"hr_HR","og_type":"article","og_title":"Na\u0161 do\u017eivljaj kave: novi identitet brenda Amigos Caff\u00e8 - Amigos","og_description":"[vc_row type=&#8221;in_container&#8221; full_screen_row_position=&#8221;middle&#8221; column_margin=&#8221;default&#8221; column_direction=&#8221;default&#8221; column_direction_tablet=&#8221;default&#8221; column_direction_phone=&#8221;default&#8221; scene_position=&#8221;center&#8221; text_color=&#8221;dark&#8221; text_align=&#8221;left&#8221; row_border_radius=&#8221;none&#8221; row_border_radius_applies=&#8221;bg&#8221; overlay_strength=&#8221;0.3&#8243; gradient_direction=&#8221;left_to_right&#8221; shape_divider_position=&#8221;bottom&#8221; bg_image_animation=&#8221;none&#8221;][vc_column column_padding=&#8221;no-extra-padding&#8221; column_padding_tablet=&#8221;inherit&#8221; column_padding_phone=&#8221;inherit&#8221; column_padding_position=&#8221;all&#8221; column_element_spacing=&#8221;default&#8221; background_color_opacity=&#8221;1&#8243; background_hover_color_opacity=&#8221;1&#8243; column_shadow=&#8221;none&#8221; column_border_radius=&#8221;none&#8221; column_link_target=&#8221;_self&#8221; gradient_direction=&#8221;left_to_right&#8221; overlay_strength=&#8221;0.3&#8243; width=&#8221;1\/1&#8243; tablet_width_inherit=&#8221;default&#8221; tablet_text_alignment=&#8221;default&#8221; phone_text_alignment=&#8221;default&#8221; bg_image_animation=&#8221;none&#8221; border_type=&#8221;simple&#8221; column_border_width=&#8221;none&#8221; column_border_style=&#8221;solid&#8221;][vc_column_text] Otvara se novo poglavlje pri\u010de o poduze\u0107u Amigos Caff\u00e8. Rije\u010d je o pri\u010di ispisanoj intenzivnom aromom kave, toplinom \u0161alice u rukama i stra\u0161\u0107u koja ve\u0107 tri generacije pokre\u0107e na\u0161u obitelj. Za nas kava predstavlja sve navedeno, a i mnogo vi\u0161e od toga \u2013 tu su osje\u0107aj izvrsnosti i kvalitete u odabiru sirovina, umjetnost mije\u0161anja i pa\u017enja koju posve\u0107ujemo u svim fazama procesa kako bi...","og_url":"https:\/\/www.amigoscaffe.com\/hr\/news\/nas-dozivljaj-kave-novi-identitet-brenda-amigos-caffe\/","og_site_name":"Amigos","article_published_time":"2024-11-21T09:47:29+00:00","article_modified_time":"2024-11-21T10:07:24+00:00","og_image":[{"width":2064,"height":2220,"url":"http:\/\/www.amigoscaffe.com\/wp-content\/uploads\/2024\/11\/PREVIEW-ok-copia-1.jpg","type":"image\/jpeg"}],"author":"Amigos Caff\u00e8","twitter_card":"summary_large_image","twitter_misc":{"Napisao\/la":"Amigos Caff\u00e8","Procijenjeno vrijeme \u010ditanja":"2 minute"},"schema":{"@context":"https:\/\/schema.org","@graph":[{"@type":"WebPage","@id":"https:\/\/www.amigoscaffe.com\/hr\/news\/nas-dozivljaj-kave-novi-identitet-brenda-amigos-caffe\/","url":"https:\/\/www.amigoscaffe.com\/hr\/news\/nas-dozivljaj-kave-novi-identitet-brenda-amigos-caffe\/","name":"Na\u0161 do\u017eivljaj kave: novi identitet brenda Amigos Caff\u00e8 - Amigos","isPartOf":{"@id":"https:\/\/www.amigoscaffe.com\/hr\/#website"},"primaryImageOfPage":{"@id":"https:\/\/www.amigoscaffe.com\/hr\/news\/nas-dozivljaj-kave-novi-identitet-brenda-amigos-caffe\/#primaryimage"},"image":{"@id":"https:\/\/www.amigoscaffe.com\/hr\/news\/nas-dozivljaj-kave-novi-identitet-brenda-amigos-caffe\/#primaryimage"},"thumbnailUrl":"https:\/\/www.amigoscaffe.com\/wp-content\/uploads\/2024\/11\/PREVIEW-ok-copia-1.jpg","datePublished":"2024-11-21T09:47:29+00:00","dateModified":"2024-11-21T10:07:24+00:00","author":{"@id":"https:\/\/www.amigoscaffe.com\/hr\/#\/schema\/person\/0372707d8cd3e8de8c3e28bda5f1fa23"},"breadcrumb":{"@id":"https:\/\/www.amigoscaffe.com\/hr\/news\/nas-dozivljaj-kave-novi-identitet-brenda-amigos-caffe\/#breadcrumb"},"inLanguage":"hr","potentialAction":[{"@type":"ReadAction","target":["https:\/\/www.amigoscaffe.com\/hr\/news\/nas-dozivljaj-kave-novi-identitet-brenda-amigos-caffe\/"]}]},{"@type":"ImageObject","inLanguage":"hr","@id":"https:\/\/www.amigoscaffe.com\/hr\/news\/nas-dozivljaj-kave-novi-identitet-brenda-amigos-caffe\/#primaryimage","url":"https:\/\/www.amigoscaffe.com\/wp-content\/uploads\/2024\/11\/PREVIEW-ok-copia-1.jpg","contentUrl":"https:\/\/www.amigoscaffe.com\/wp-content\/uploads\/2024\/11\/PREVIEW-ok-copia-1.jpg","width":2064,"height":2220,"caption":"Screenshot"},{"@type":"BreadcrumbList","@id":"https:\/\/www.amigoscaffe.com\/hr\/news\/nas-dozivljaj-kave-novi-identitet-brenda-amigos-caffe\/#breadcrumb","itemListElement":[{"@type":"ListItem","position":1,"name":"Home","item":"https:\/\/www.amigoscaffe.com\/hr\/"},{"@type":"ListItem","position":2,"name":"Na\u0161 do\u017eivljaj kave: novi identitet brenda Amigos Caff\u00e8"}]},{"@type":"WebSite","@id":"https:\/\/www.amigoscaffe.com\/hr\/#website","url":"https:\/\/www.amigoscaffe.com\/hr\/","name":"Amigos","description":"La famiglia del caff\u00e8","potentialAction":[{"@type":"SearchAction","target":{"@type":"EntryPoint","urlTemplate":"https:\/\/www.amigoscaffe.com\/hr\/?s={search_term_string}"},"query-input":{"@type":"PropertyValueSpecification","valueRequired":true,"valueName":"search_term_string"}}],"inLanguage":"hr"},{"@type":"Person","@id":"https:\/\/www.amigoscaffe.com\/hr\/#\/schema\/person\/0372707d8cd3e8de8c3e28bda5f1fa23","name":"Amigos Caff\u00e8","image":{"@type":"ImageObject","inLanguage":"hr","@id":"https:\/\/www.amigoscaffe.com\/hr\/#\/schema\/person\/image\/","url":"https:\/\/secure.gravatar.com\/avatar\/d758c2fad132c631ab8e1598828db155084cd8adf985019623c45b7f6a4cf379?s=96&d=mm&r=g","contentUrl":"https:\/\/secure.gravatar.com\/avatar\/d758c2fad132c631ab8e1598828db155084cd8adf985019623c45b7f6a4cf379?s=96&d=mm&r=g","caption":"Amigos Caff\u00e8"},"url":"https:\/\/www.amigoscaffe.com\/hr\/news\/author\/amigos-caffe\/"}]}},"_links":{"self":[{"href":"https:\/\/www.amigoscaffe.com\/hr\/wp-json\/wp\/v2\/posts\/14512","targetHints":{"allow":["GET"]}}],"collection":[{"href":"https:\/\/www.amigoscaffe.com\/hr\/wp-json\/wp\/v2\/posts"}],"about":[{"href":"https:\/\/www.amigoscaffe.com\/hr\/wp-json\/wp\/v2\/types\/post"}],"author":[{"embeddable":true,"href":"https:\/\/www.amigoscaffe.com\/hr\/wp-json\/wp\/v2\/users\/6"}],"replies":[{"embeddable":true,"href":"https:\/\/www.amigoscaffe.com\/hr\/wp-json\/wp\/v2\/comments?post=14512"}],"version-history":[{"count":3,"href":"https:\/\/www.amigoscaffe.com\/hr\/wp-json\/wp\/v2\/posts\/14512\/revisions"}],"predecessor-version":[{"id":14537,"href":"https:\/\/www.amigoscaffe.com\/hr\/wp-json\/wp\/v2\/posts\/14512\/revisions\/14537"}],"wp:featuredmedia":[{"embeddable":true,"href":"https:\/\/www.amigoscaffe.com\/hr\/wp-json\/wp\/v2\/media\/14440"}],"wp:attachment":[{"href":"https:\/\/www.amigoscaffe.com\/hr\/wp-json\/wp\/v2\/media?parent=14512"}],"wp:term":[{"taxonomy":"category","embeddable":true,"href":"https:\/\/www.amigoscaffe.com\/hr\/wp-json\/wp\/v2\/categories?post=14512"},{"taxonomy":"post_tag","embeddable":true,"href":"https:\/\/www.amigoscaffe.com\/hr\/wp-json\/wp\/v2\/tags?post=14512"}],"curies":[{"name":"wp","href":"https:\/\/api.w.org\/{rel}","templated":true}]}}